{"id":37,"date":"2017-09-14T14:01:51","date_gmt":"2017-09-14T14:01:51","guid":{"rendered":"http:\/\/flurkunst.de\/?p=37"},"modified":"2017-09-17T18:56:24","modified_gmt":"2017-09-17T16:56:24","slug":"galerie-flurkunst-nach-vereinbarung-geoeffnet","status":"publish","type":"post","link":"http:\/\/www.flurkunst.de\/?p=37","title":{"rendered":"Ausstellung Blickwinkel er\u00f6ffnet"},"content":{"rendered":"<p><img loading=\"lazy\" class=\"size-medium wp-image-38 alignleft\" src=\"http:\/\/flurkunst.de\/wp-content\/uploads\/2017\/09\/Poster_A0_MusterStrukturen-212x300.jpg\" alt=\"\" width=\"212\" height=\"300\" srcset=\"http:\/\/www.flurkunst.de\/wp-content\/uploads\/2017\/09\/Poster_A0_MusterStrukturen-212x300.jpg 212w, http:\/\/www.flurkunst.de\/wp-content\/uploads\/2017\/09\/Poster_A0_MusterStrukturen-768x1087.jpg 768w, http:\/\/www.flurkunst.de\/wp-content\/uploads\/2017\/09\/Poster_A0_MusterStrukturen-723x1024.jpg 723w\" sizes=\"(max-width: 212px) 100vw, 212px\" \/><\/p>\n<p>&nbsp;<\/p>\n<p>&nbsp;<\/p>\n<p>Seit dem 9.9.2017 stellen Stephan Tschechne und Matthias Kr\u00e4uter eine Serie Fotografien in der Sammlung &#8222;Blickwinkel&#8220; aus. Durch interessante Perspektiven und Gegen\u00fcberstellungen r\u00fccken sie den Fokus auf Muster und Strukturen, die dem fl\u00fcchtigen Betrachter sonst im Verborgenen bleiben.<\/p>\n<p>Die Galerie Flurkunst kann abends oder am Wochenende nach Vereinbarung besucht werden (Tel Langenau-5069498). Wir freuen uns \u00fcber G\u00e4ste.<\/p>\n<p>&nbsp;<\/p>\n","protected":false},"excerpt":{"rendered":"<p>&nbsp; &nbsp; Seit dem 9.9.2017 stellen Stephan Tschechne und Matthias Kr\u00e4uter eine Serie Fotografien in der Sammlung &#8222;Blickwinkel&#8220; aus. Durch interessante Perspektiven und Gegen\u00fcberstellungen r\u00fccken sie den Fokus auf Muster und Strukturen, die dem fl\u00fcchtigen Betrachter sonst im Verborgenen bleiben. Die Galerie Flurkunst kann abends oder am Wochenende nach Vereinbarung besucht werden (Tel Langenau-5069498). Wir [&hellip;]<\/p>\n","protected":false},"author":2,"featured_media":0,"comment_status":"open","ping_status":"open","sticky":false,"template":"","format":"image","meta":[],"categories":[1],"tags":[],"_links":{"self":[{"href":"http:\/\/www.flurkunst.de\/index.php?rest_route=\/wp\/v2\/posts\/37"}],"collection":[{"href":"http:\/\/www.flurkunst.de\/index.php?rest_route=\/wp\/v2\/posts"}],"about":[{"href":"http:\/\/www.flurkunst.de\/index.php?rest_route=\/wp\/v2\/types\/post"}],"author":[{"embeddable":true,"href":"http:\/\/www.flurkunst.de\/index.php?rest_route=\/wp\/v2\/users\/2"}],"replies":[{"embeddable":true,"href":"http:\/\/www.flurkunst.de\/index.php?rest_route=%2Fwp%2Fv2%2Fcomments&post=37"}],"version-history":[{"count":3,"href":"http:\/\/www.flurkunst.de\/index.php?rest_route=\/wp\/v2\/posts\/37\/revisions"}],"predecessor-version":[{"id":63,"href":"http:\/\/www.flurkunst.de\/index.php?rest_route=\/wp\/v2\/posts\/37\/revisions\/63"}],"wp:attachment":[{"href":"http:\/\/www.flurkunst.de\/index.php?rest_route=%2Fwp%2Fv2%2Fmedia&parent=37"}],"wp:term":[{"taxonomy":"category","embeddable":true,"href":"http:\/\/www.flurkunst.de\/index.php?rest_route=%2Fwp%2Fv2%2Fcategories&post=37"},{"taxonomy":"post_tag","embeddable":true,"href":"http:\/\/www.flurkunst.de\/index.php?rest_route=%2Fwp%2Fv2%2Ftags&post=37"}],"curies":[{"name":"wp","href":"https:\/\/api.w.org\/{rel}","templated":true}]}}